{"id":16189,"date":"2025-06-10T16:03:32","date_gmt":"2025-06-10T16:03:32","guid":{"rendered":"https:\/\/cepic.es\/?p=16189"},"modified":"2025-06-10T16:09:18","modified_gmt":"2025-06-10T16:09:18","slug":"eulalia-subira-pedagogia-violonchelo-historico","status":"publish","type":"post","link":"http:\/\/cepic.es\/en\/eulalia-subira-pedagogia-violonchelo-historico\/","title":{"rendered":"Sembrar, regar y echar ra\u00edces. Aprendiendo desde la pr\u00e1ctica. Eul\u00e0lia Subir\u00e0"},"content":{"rendered":"<div data-elementor-type=\"wp-post\" data-elementor-id=\"16189\" class=\"elementor elementor-16189\">\n\t\t\t\t\t\t<section class=\"elementor-section elementor-top-section elementor-element elementor-element-be16b66 elementor-section-full_width elementor-section-height-default elementor-section-height-default qodef-elementor-content-no\" data-id=\"be16b66\" data-element_type=\"section\" data-e-type=\"section\">\n\t\t\t\t\t\t<div class=\"elementor-container elementor-column-gap-no\">\n\t\t\t\t\t<div class=\"elementor-column elementor-col-100 elementor-top-column elementor-element elementor-element-cd8a8e9\" data-id=\"cd8a8e9\" data-element_type=\"column\" data-e-type=\"column\">\n\t\t\t<div class=\"elementor-widget-wrap elementor-element-populated\">\n\t\t\t\t\t\t<div class=\"elementor-element elementor-element-90ebfec elementor-widget elementor-widget-image\" data-id=\"90ebfec\" data-element_type=\"widget\" data-e-type=\"widget\" data-widget_type=\"image.default\">\n\t\t\t\t<div class=\"elementor-widget-container\">\n\t\t\t\t\t\t\t\t\t\t\t\t\t\t\t<img fetchpriority=\"high\" decoding=\"async\" width=\"1024\" height=\"683\" src=\"https:\/\/cepic.es\/wp-content\/uploads\/2025\/06\/Eulalia-Subira_1-1.jpg\" class=\"attachment-large size-large wp-image-16194\" alt=\"\" srcset=\"https:\/\/cepic.es\/wp-content\/uploads\/2025\/06\/Eulalia-Subira_1-1.jpg 1024w, https:\/\/cepic.es\/wp-content\/uploads\/2025\/06\/Eulalia-Subira_1-1-300x200.jpg 300w, https:\/\/cepic.es\/wp-content\/uploads\/2025\/06\/Eulalia-Subira_1-1-768x512.jpg 768w, https:\/\/cepic.es\/wp-content\/uploads\/2025\/06\/Eulalia-Subira_1-1-18x12.jpg 18w\" sizes=\"(max-width: 1024px) 100vw, 1024px\" \/>\t\t\t\t\t\t\t\t\t\t\t\t\t\t\t<\/div>\n\t\t\t\t<\/div>\n\t\t\t\t\t<\/div>\n\t\t<\/div>\n\t\t\t\t\t<\/div>\n\t\t<\/section>\n\t\t\t\t<section class=\"elementor-section elementor-top-section elementor-element elementor-element-54dabe4 elementor-section-full_width elementor-section-height-default elementor-section-height-default qodef-elementor-content-no\" data-id=\"54dabe4\" data-element_type=\"section\" data-e-type=\"section\">\n\t\t\t\t\t\t<div class=\"elementor-container elementor-column-gap-no\">\n\t\t\t\t\t<div class=\"elementor-column elementor-col-100 elementor-top-column elementor-element elementor-element-b9f8184\" data-id=\"b9f8184\" data-element_type=\"column\" data-e-type=\"column\">\n\t\t\t<div class=\"elementor-widget-wrap elementor-element-populated\">\n\t\t\t\t\t\t<div class=\"elementor-element elementor-element-589e9b6 elementor-widget elementor-widget-image\" data-id=\"589e9b6\" data-element_type=\"widget\" data-e-type=\"widget\" data-widget_type=\"image.default\">\n\t\t\t\t<div class=\"elementor-widget-container\">\n\t\t\t\t\t\t\t\t\t\t\t\t\t\t\t<img decoding=\"async\" width=\"1024\" height=\"681\" src=\"https:\/\/cepic.es\/wp-content\/uploads\/2025\/06\/Eulalia-Subira_2.jpg\" class=\"attachment-large size-large wp-image-16192\" alt=\"Eulalia Subira_Pedagogia Violonchelo 2\" srcset=\"https:\/\/cepic.es\/wp-content\/uploads\/2025\/06\/Eulalia-Subira_2.jpg 1024w, https:\/\/cepic.es\/wp-content\/uploads\/2025\/06\/Eulalia-Subira_2-300x200.jpg 300w, https:\/\/cepic.es\/wp-content\/uploads\/2025\/06\/Eulalia-Subira_2-768x511.jpg 768w, https:\/\/cepic.es\/wp-content\/uploads\/2025\/06\/Eulalia-Subira_2-18x12.jpg 18w\" sizes=\"(max-width: 1024px) 100vw, 1024px\" \/>\t\t\t\t\t\t\t\t\t\t\t\t\t\t\t<\/div>\n\t\t\t\t<\/div>\n\t\t\t\t\t<\/div>\n\t\t<\/div>\n\t\t\t\t\t<\/div>\n\t\t<\/section>\n\t\t\t\t<section class=\"elementor-section elementor-top-section elementor-element elementor-element-0283be2 elementor-section-full_width elementor-section-height-default elementor-section-height-default qodef-elementor-content-no\" data-id=\"0283be2\" data-element_type=\"section\" data-e-type=\"section\">\n\t\t\t\t\t\t<div class=\"elementor-container elementor-column-gap-no\">\n\t\t\t\t\t<div class=\"elementor-column elementor-col-100 elementor-top-column elementor-element elementor-element-9174bbf\" data-id=\"9174bbf\" data-element_type=\"column\" data-e-type=\"column\">\n\t\t\t<div class=\"elementor-widget-wrap elementor-element-populated\">\n\t\t\t\t\t\t<div class=\"elementor-element elementor-element-3ba56d5 elementor-widget elementor-widget-image\" data-id=\"3ba56d5\" data-element_type=\"widget\" data-e-type=\"widget\" data-widget_type=\"image.default\">\n\t\t\t\t<div class=\"elementor-widget-container\">\n\t\t\t\t\t\t\t\t\t\t\t\t\t\t\t<img decoding=\"async\" width=\"1024\" height=\"681\" src=\"https:\/\/cepic.es\/wp-content\/uploads\/2025\/06\/Eulalia-Subira_Grupo.jpg\" class=\"attachment-large size-large wp-image-16193\" alt=\"Eulalia Subira_Pedagogia Violonchelo_Grupo\" srcset=\"https:\/\/cepic.es\/wp-content\/uploads\/2025\/06\/Eulalia-Subira_Grupo.jpg 1024w, https:\/\/cepic.es\/wp-content\/uploads\/2025\/06\/Eulalia-Subira_Grupo-300x200.jpg 300w, https:\/\/cepic.es\/wp-content\/uploads\/2025\/06\/Eulalia-Subira_Grupo-768x511.jpg 768w, https:\/\/cepic.es\/wp-content\/uploads\/2025\/06\/Eulalia-Subira_Grupo-18x12.jpg 18w\" sizes=\"(max-width: 1024px) 100vw, 1024px\" \/>\t\t\t\t\t\t\t\t\t\t\t\t\t\t\t<\/div>\n\t\t\t\t<\/div>\n\t\t\t\t\t<\/div>\n\t\t<\/div>\n\t\t\t\t\t<\/div>\n\t\t<\/section>\n\t\t\t\t<\/div>","protected":false},"excerpt":{"rendered":"","protected":false},"author":1,"featured_media":0,"comment_status":"closed","ping_status":"open","sticky":false,"template":"","format":"standard","meta":{"footnotes":""},"categories":[136,154],"tags":[],"class_list":["post-16189","post","type-post","status-publish","format-standard","hentry","category-2024-25","category-pedagogia-violonchelo-historico"],"_links":{"self":[{"href":"http:\/\/cepic.es\/en\/wp-json\/wp\/v2\/posts\/16189","targetHints":{"allow":["GET"]}}],"collection":[{"href":"http:\/\/cepic.es\/en\/wp-json\/wp\/v2\/posts"}],"about":[{"href":"http:\/\/cepic.es\/en\/wp-json\/wp\/v2\/types\/post"}],"author":[{"embeddable":true,"href":"http:\/\/cepic.es\/en\/wp-json\/wp\/v2\/users\/1"}],"replies":[{"embeddable":true,"href":"http:\/\/cepic.es\/en\/wp-json\/wp\/v2\/comments?post=16189"}],"version-history":[{"count":4,"href":"http:\/\/cepic.es\/en\/wp-json\/wp\/v2\/posts\/16189\/revisions"}],"predecessor-version":[{"id":16197,"href":"http:\/\/cepic.es\/en\/wp-json\/wp\/v2\/posts\/16189\/revisions\/16197"}],"wp:attachment":[{"href":"http:\/\/cepic.es\/en\/wp-json\/wp\/v2\/media?parent=16189"}],"wp:term":[{"taxonomy":"category","embeddable":true,"href":"http:\/\/cepic.es\/en\/wp-json\/wp\/v2\/categories?post=16189"},{"taxonomy":"post_tag","embeddable":true,"href":"http:\/\/cepic.es\/en\/wp-json\/wp\/v2\/tags?post=16189"}],"curies":[{"name":"wp","href":"https:\/\/api.w.org\/{rel}","templated":true}]}}