{"id":12239,"date":"2025-02-27T13:20:23","date_gmt":"2025-02-27T13:20:23","guid":{"rendered":"https:\/\/cepic.es?p=12239"},"modified":"2025-05-29T16:08:46","modified_gmt":"2025-05-29T16:08:46","slug":"el-aula-magica-recursos-musico-magicos-para-profesores-de-cuerda-enrique-g-vivanco-quiquemago","status":"publish","type":"post","link":"https:\/\/cepic.es\/en\/el-aula-magica-recursos-musico-magicos-para-profesores-de-cuerda-enrique-g-vivanco-quiquemago\/","title":{"rendered":"El aula m\u00e1gica. Recursos m\u00fasico-m\u00e1gicos para profesores de cuerda. Enrique G. Vivanco, \u00abQuiquemago\u00bb"},"content":{"rendered":"<div data-elementor-type=\"wp-post\" data-elementor-id=\"12239\" class=\"elementor elementor-12239\">\n\t\t\t\t\t\t<section class=\"elementor-section elementor-top-section elementor-element elementor-element-5496e62 elementor-section-full_width elementor-section-height-default elementor-section-height-default qodef-elementor-content-no\" data-id=\"5496e62\" data-element_type=\"section\" data-e-type=\"section\">\n\t\t\t\t\t\t<div class=\"elementor-container elementor-column-gap-no\">\n\t\t\t\t\t<div class=\"elementor-column elementor-col-100 elementor-top-column elementor-element elementor-element-d5a9e0f\" data-id=\"d5a9e0f\" data-element_type=\"column\" data-e-type=\"column\">\n\t\t\t<div class=\"elementor-widget-wrap elementor-element-populated\">\n\t\t\t\t\t\t<div class=\"elementor-element elementor-element-13730b2 elementor-widget elementor-widget-image\" data-id=\"13730b2\" data-element_type=\"widget\" data-e-type=\"widget\" data-widget_type=\"image.default\">\n\t\t\t\t<div class=\"elementor-widget-container\">\n\t\t\t\t\t\t\t\t\t\t\t\t\t\t\t<img decoding=\"async\" src=\"https:\/\/blogger.googleusercontent.com\/img\/b\/R29vZ2xl\/AVvXsEidHQJHTtVgIGHgo7nvpgty07Ysh5Eswu3cDTSQEX3CefQHX6EwZOBIQf2eCr1fHwce82TIDby3UctOKX4zkOA-cSvBZy2c72d93Xn6wCyD7usUrQ2lbNI-d2XuSfiI_w0MLKfgBG7Gzet0\/s1364\/Aula+m%25C3%25A1gica+1.jpg\" title=\"\" alt=\"\" loading=\"lazy\" \/>\t\t\t\t\t\t\t\t\t\t\t\t\t\t\t<\/div>\n\t\t\t\t<\/div>\n\t\t\t\t<div class=\"elementor-element elementor-element-32315cb elementor-widget elementor-widget-image\" data-id=\"32315cb\" data-element_type=\"widget\" data-e-type=\"widget\" data-widget_type=\"image.default\">\n\t\t\t\t<div class=\"elementor-widget-container\">\n\t\t\t\t\t\t\t\t\t\t\t\t\t\t\t<img decoding=\"async\" src=\"https:\/\/blogger.googleusercontent.com\/img\/b\/R29vZ2xl\/AVvXsEgavhTSgXa68HIcA4jIC1qcn0zExpCUeEXdrTxaZHpJASxHPhmyV1mZBZWzMbZiWyZOD-iAOTWWKLStag4h3Pbc8fOZiChp9XncwIlhBY9k0p-Hy8PCbGK4Wsyn9AWa5RqTdkgBj0C6sFvg\/s1720\/Aula+m%25C3%25A1gica+2.png\" title=\"\" alt=\"\" loading=\"lazy\" \/>\t\t\t\t\t\t\t\t\t\t\t\t\t\t\t<\/div>\n\t\t\t\t<\/div>\n\t\t\t\t\t<\/div>\n\t\t<\/div>\n\t\t\t\t\t<\/div>\n\t\t<\/section>\n\t\t\t\t<\/div>","protected":false},"excerpt":{"rendered":"","protected":false},"author":1,"featured_media":0,"comment_status":"closed","ping_status":"open","sticky":false,"template":"","format":"standard","meta":{"footnotes":""},"categories":[141,157],"tags":[],"class_list":["post-12239","post","type-post","status-publish","format-standard","hentry","category-2020-21","category-pedagogia-cuerda-historico"],"_links":{"self":[{"href":"https:\/\/cepic.es\/en\/wp-json\/wp\/v2\/posts\/12239","targetHints":{"allow":["GET"]}}],"collection":[{"href":"https:\/\/cepic.es\/en\/wp-json\/wp\/v2\/posts"}],"about":[{"href":"https:\/\/cepic.es\/en\/wp-json\/wp\/v2\/types\/post"}],"author":[{"embeddable":true,"href":"https:\/\/cepic.es\/en\/wp-json\/wp\/v2\/users\/1"}],"replies":[{"embeddable":true,"href":"https:\/\/cepic.es\/en\/wp-json\/wp\/v2\/comments?post=12239"}],"version-history":[{"count":2,"href":"https:\/\/cepic.es\/en\/wp-json\/wp\/v2\/posts\/12239\/revisions"}],"predecessor-version":[{"id":14392,"href":"https:\/\/cepic.es\/en\/wp-json\/wp\/v2\/posts\/12239\/revisions\/14392"}],"wp:attachment":[{"href":"https:\/\/cepic.es\/en\/wp-json\/wp\/v2\/media?parent=12239"}],"wp:term":[{"taxonomy":"category","embeddable":true,"href":"https:\/\/cepic.es\/en\/wp-json\/wp\/v2\/categories?post=12239"},{"taxonomy":"post_tag","embeddable":true,"href":"https:\/\/cepic.es\/en\/wp-json\/wp\/v2\/tags?post=12239"}],"curies":[{"name":"wp","href":"https:\/\/api.w.org\/{rel}","templated":true}]}}