{"id":9064,"date":"2019-05-06T23:12:00","date_gmt":"2019-05-06T23:12:00","guid":{"rendered":""},"modified":"2025-01-11T13:13:12","modified_gmt":"2025-01-11T13:13:12","slug":"jose-antonio-torrado-del-puerto","status":"publish","type":"post","link":"https:\/\/cepic.es\/en\/jose-antonio-torrado-del-puerto\/","title":{"rendered":"Jos\u00e9 Antonio Torrado"},"content":{"rendered":"<div data-elementor-type=\"wp-post\" data-elementor-id=\"9064\" class=\"elementor elementor-9064\">\n\t\t\t\t<div class=\"elementor-element elementor-element-64eba56 e-con-full e-flex e-con e-parent\" data-id=\"64eba56\" data-element_type=\"container\" data-e-type=\"container\">\n\t\t<div class=\"elementor-element elementor-element-8aaa493 e-con-full e-flex e-con e-child\" data-id=\"8aaa493\" data-element_type=\"container\" data-e-type=\"container\">\n\t\t\t\t<div class=\"elementor-element elementor-element-e6c40e1 elementor-widget elementor-widget-text-editor\" data-id=\"e6c40e1\" data-element_type=\"widget\" data-e-type=\"widget\" data-widget_type=\"text-editor.default\">\n\t\t\t\t<div class=\"elementor-widget-container\">\n\t\t\t\t\t\t\t\t\t<h2>Jos\u00e9 Antonio Torrado<\/h2>\t\t\t\t\t\t\t\t<\/div>\n\t\t\t\t<\/div>\n\t\t\t\t<\/div>\n\t\t<div class=\"elementor-element elementor-element-174c70f e-con-full e-flex e-con e-child\" data-id=\"174c70f\" data-element_type=\"container\" data-e-type=\"container\">\n\t\t\t\t<div class=\"elementor-element elementor-element-7334d50 elementor-widget elementor-widget-coachfocus_core_single_image\" data-id=\"7334d50\" data-element_type=\"widget\" data-e-type=\"widget\" data-widget_type=\"coachfocus_core_single_image.default\">\n\t\t\t\t<div class=\"elementor-widget-container\">\n\t\t\t\t\t<div class=\"qodef-shortcode qodef-m  qodef-single-image qodef-layout--default  qodef-border-radius\">\n\t\t\t<div class=\"qodef-m-image\">\n\t\t\t\t\t\t\t\t<img fetchpriority=\"high\" decoding=\"async\" width=\"340\" height=\"340\" src=\"https:\/\/cepic.es\/wp-content\/uploads\/2019\/05\/JoseAntonioTorrado-CEPIC-1.jpg\" class=\"attachment-full size-full\" alt=\"Jose Antonio Torrado Oposiciones CEPIC\" srcset=\"https:\/\/cepic.es\/wp-content\/uploads\/2019\/05\/JoseAntonioTorrado-CEPIC-1.jpg 340w, https:\/\/cepic.es\/wp-content\/uploads\/2019\/05\/JoseAntonioTorrado-CEPIC-1-300x300.jpg 300w, https:\/\/cepic.es\/wp-content\/uploads\/2019\/05\/JoseAntonioTorrado-CEPIC-1-150x150.jpg 150w, https:\/\/cepic.es\/wp-content\/uploads\/2019\/05\/JoseAntonioTorrado-CEPIC-1-12x12.jpg 12w\" sizes=\"(max-width: 340px) 100vw, 340px\" \/>\t\t\t\t\t\t\t<\/div>\n\t<\/div>\n\t\t\t\t<\/div>\n\t\t\t\t<\/div>\n\t\t\t\t<\/div>\n\t\t\t\t<\/div>\n\t\t\t\t<section class=\"elementor-section elementor-top-section elementor-element elementor-element-f0dfbea elementor-section-full_width elementor-section-height-default elementor-section-height-default qodef-elementor-content-no\" data-id=\"f0dfbea\" data-element_type=\"section\" data-e-type=\"section\">\n\t\t\t\t\t\t<div class=\"elementor-container elementor-column-gap-no\">\n\t\t\t\t\t<div class=\"elementor-column elementor-col-100 elementor-top-column elementor-element elementor-element-e90b439\" data-id=\"e90b439\" data-element_type=\"column\" data-e-type=\"column\">\n\t\t\t<div class=\"elementor-widget-wrap elementor-element-populated\">\n\t\t\t\t\t\t<div class=\"elementor-element elementor-element-ea1df7e elementor-widget elementor-widget-text-editor\" data-id=\"ea1df7e\" data-element_type=\"widget\" data-e-type=\"widget\" data-widget_type=\"text-editor.default\">\n\t\t\t\t<div class=\"elementor-widget-container\">\n\t\t\t\t\t\t\t\t\t<h5>Doctor en Historia y Ciencias de la M\u00fasica (UAM), M\u00e1ster en Gesti\u00f3n y Promoci\u00f3n de la M\u00fasica (UAM), Profesor Superior de Viol\u00edn (RCSMM). Ha sido Profesor de Pedagog\u00eda del Real Conservatorio Superior de M\u00fasica de Madrid, y de Viol\u00edn en el Conservatorio Profesional Joaqu\u00edn Turina de Madrid.<\/h5><h5>Actualmente es catedr\u00e1tico de Viol\u00edn en el Conservatorio Superior de M\u00fasica de M\u00e1laga, profesor invitado del M\u00e1ster de Psicolog\u00eda de la Educaci\u00f3n desde 2010 (Facultad de Psicolog\u00eda, UAM) y profesor desde 2014 en el M\u00e1ster de Creaci\u00f3n e Intepretaci\u00f3n de la Universidad Rey Juan Carlos. Entre 2003 y 2009 fue profesor invitado profesor invitado en el programa de doctorado Desarrollo Psicol\u00f3gico, Aprendizaje y Educaci\u00f3n: Perspectivas Contempor\u00e1neas (Dpto. de Psicolog\u00eda B\u00e1sica, UAM).<\/h5><h5>Formado como violinista en Espa\u00f1a, Alemania y EEUU, ha desarrollado una intensa labor en el \u00e1mbito de la ense\u00f1anza musical, como profesor titular de Viol\u00edn, coordinador y director de diferentes cursos, tanto en centros privados como p\u00fablicos. Esta \u00a0experiencia le ha llevado a centrar su investigaci\u00f3n en el campo de la gesti\u00f3n de emociones a trav\u00e9s de sonidos, las concepciones impl\u00edcitas de profesores y alumnos sobre el aprendizaje y el objeto del mismo, la m\u00fasica, as\u00ed como su relaci\u00f3n con las estrategias que utilizan en las aulas, en su estudio y en la gesti\u00f3n de su interpretaci\u00f3n.<\/h5>\t\t\t\t\t\t\t\t<\/div>\n\t\t\t\t<\/div>\n\t\t\t\t\t<\/div>\n\t\t<\/div>\n\t\t\t\t\t<\/div>\n\t\t<\/section>\n\t\t\t\t<\/div>","protected":false},"excerpt":{"rendered":"<p>Jos\u00e9 Antonio Torrado Doctor en Historia y Ciencias de la M\u00fasica (UAM), M\u00e1ster en Gesti\u00f3n y Promoci\u00f3n de la M\u00fasica (UAM), Profesor Superior de Viol\u00edn (RCSMM). Ha sido Profesor de Pedagog\u00eda del Real Conservatorio Superior de M\u00fasica de Madrid, y de Viol\u00edn en el Conservatorio Profesional Joaqu\u00edn Turina de Madrid. Actualmente es catedr\u00e1tico de Viol\u00edn [&hellip;]<\/p>\n","protected":false},"author":5,"featured_media":13069,"comment_status":"closed","ping_status":"closed","sticky":false,"template":"elementor_header_footer","format":"quote","meta":{"footnotes":""},"categories":[96],"tags":[],"class_list":["post-9064","post","type-post","status-publish","format-quote","has-post-thumbnail","hentry","category-profesorado-oposiciones","post_format-post-format-quote"],"_links":{"self":[{"href":"https:\/\/cepic.es\/en\/wp-json\/wp\/v2\/posts\/9064","targetHints":{"allow":["GET"]}}],"collection":[{"href":"https:\/\/cepic.es\/en\/wp-json\/wp\/v2\/posts"}],"about":[{"href":"https:\/\/cepic.es\/en\/wp-json\/wp\/v2\/types\/post"}],"author":[{"embeddable":true,"href":"https:\/\/cepic.es\/en\/wp-json\/wp\/v2\/users\/5"}],"replies":[{"embeddable":true,"href":"https:\/\/cepic.es\/en\/wp-json\/wp\/v2\/comments?post=9064"}],"version-history":[{"count":0,"href":"https:\/\/cepic.es\/en\/wp-json\/wp\/v2\/posts\/9064\/revisions"}],"wp:featuredmedia":[{"embeddable":true,"href":"https:\/\/cepic.es\/en\/wp-json\/wp\/v2\/media\/13069"}],"wp:attachment":[{"href":"https:\/\/cepic.es\/en\/wp-json\/wp\/v2\/media?parent=9064"}],"wp:term":[{"taxonomy":"category","embeddable":true,"href":"https:\/\/cepic.es\/en\/wp-json\/wp\/v2\/categories?post=9064"},{"taxonomy":"post_tag","embeddable":true,"href":"https:\/\/cepic.es\/en\/wp-json\/wp\/v2\/tags?post=9064"}],"curies":[{"name":"wp","href":"https:\/\/api.w.org\/{rel}","templated":true}]}}