{"id":9307,"date":"2020-07-27T11:33:00","date_gmt":"2020-07-27T11:33:00","guid":{"rendered":""},"modified":"2025-01-11T13:10:29","modified_gmt":"2025-01-11T13:10:29","slug":"jacobo-villalba","status":"publish","type":"post","link":"https:\/\/cepic.es\/en\/jacobo-villalba\/","title":{"rendered":"Jacobo Villalba"},"content":{"rendered":"<div data-elementor-type=\"wp-post\" data-elementor-id=\"9307\" class=\"elementor elementor-9307\">\n\t\t\t\t<div class=\"elementor-element elementor-element-8113659 e-con-full e-flex e-con e-parent\" data-id=\"8113659\" data-element_type=\"container\" data-e-type=\"container\">\n\t\t<div class=\"elementor-element elementor-element-187fbbb e-con-full e-flex e-con e-child\" data-id=\"187fbbb\" data-element_type=\"container\" data-e-type=\"container\">\n\t\t\t\t<div class=\"elementor-element elementor-element-2ce2516 elementor-widget elementor-widget-text-editor\" data-id=\"2ce2516\" data-element_type=\"widget\" data-e-type=\"widget\" data-widget_type=\"text-editor.default\">\n\t\t\t\t<div class=\"elementor-widget-container\">\n\t\t\t\t\t\t\t\t\t<h2>Jacobo Villalba<\/h2>\t\t\t\t\t\t\t\t<\/div>\n\t\t\t\t<\/div>\n\t\t\t\t<\/div>\n\t\t<div class=\"elementor-element elementor-element-6e1f03d e-con-full e-flex e-con e-child\" data-id=\"6e1f03d\" data-element_type=\"container\" data-e-type=\"container\">\n\t\t\t\t<div class=\"elementor-element elementor-element-906640a elementor-widget elementor-widget-coachfocus_core_single_image\" data-id=\"906640a\" data-element_type=\"widget\" data-e-type=\"widget\" data-widget_type=\"coachfocus_core_single_image.default\">\n\t\t\t\t<div class=\"elementor-widget-container\">\n\t\t\t\t\t<div class=\"qodef-shortcode qodef-m  qodef-single-image qodef-layout--default  qodef-border-radius\">\n\t\t\t<div class=\"qodef-m-image\">\n\t\t\t\t\t\t\t\t<img fetchpriority=\"high\" decoding=\"async\" width=\"1257\" height=\"822\" src=\"https:\/\/cepic.es\/wp-content\/uploads\/2020\/07\/foto-jacobo-villalba.jpg\" class=\"attachment-full size-full\" alt=\"Jacobo Villalba Profesor CEPIC\" srcset=\"https:\/\/cepic.es\/wp-content\/uploads\/2020\/07\/foto-jacobo-villalba.jpg 1257w, https:\/\/cepic.es\/wp-content\/uploads\/2020\/07\/foto-jacobo-villalba-300x196.jpg 300w, https:\/\/cepic.es\/wp-content\/uploads\/2020\/07\/foto-jacobo-villalba-1024x670.jpg 1024w, https:\/\/cepic.es\/wp-content\/uploads\/2020\/07\/foto-jacobo-villalba-768x502.jpg 768w, https:\/\/cepic.es\/wp-content\/uploads\/2020\/07\/foto-jacobo-villalba-18x12.jpg 18w\" sizes=\"(max-width: 1257px) 100vw, 1257px\" \/>\t\t\t\t\t\t\t<\/div>\n\t<\/div>\n\t\t\t\t<\/div>\n\t\t\t\t<\/div>\n\t\t\t\t<div class=\"elementor-element elementor-element-401fe13 elementor-widget elementor-widget-text-editor\" data-id=\"401fe13\" data-element_type=\"widget\" data-e-type=\"widget\" data-widget_type=\"text-editor.default\">\n\t\t\t\t<div class=\"elementor-widget-container\">\n\t\t\t\t\t\t\t\t\t<p style=\"text-align: right;\">Foto: Luis Benolier, @luisbenolier<\/p>\t\t\t\t\t\t\t\t<\/div>\n\t\t\t\t<\/div>\n\t\t\t\t<\/div>\n\t\t\t\t<\/div>\n\t\t\t\t<section class=\"elementor-section elementor-top-section elementor-element elementor-element-951ad44 elementor-section-full_width elementor-section-height-default elementor-section-height-default qodef-elementor-content-no\" data-id=\"951ad44\" data-element_type=\"section\" data-e-type=\"section\">\n\t\t\t\t\t\t<div class=\"elementor-container elementor-column-gap-no\">\n\t\t\t\t\t<div class=\"elementor-column elementor-col-100 elementor-top-column elementor-element elementor-element-3c3a1f0\" data-id=\"3c3a1f0\" data-element_type=\"column\" data-e-type=\"column\">\n\t\t\t<div class=\"elementor-widget-wrap elementor-element-populated\">\n\t\t\t\t\t\t<div class=\"elementor-element elementor-element-780a5ba elementor-widget elementor-widget-text-editor\" data-id=\"780a5ba\" data-element_type=\"widget\" data-e-type=\"widget\" data-widget_type=\"text-editor.default\">\n\t\t\t\t<div class=\"elementor-widget-container\">\n\t\t\t\t\t\t\t\t\t<h5>Titulado en Violonchelo y M\u00fasica de C\u00e1mara en el RCSM de Madrid. Se forma con Suzana Stefanovic, Iagoba Fanlo, Kathryn Price (Gales), Wolfgang Boettcher (Berl\u00edn) y Jaap ter Linden entre otros. Ha trabajado M\u00fasica de C\u00e1mara con Jos\u00e9 Cruzado, Ferenc Rados, Mikhail Kopelman y M\u00e1rta Guly\u00e1s. Ha actuado en el Festival Le Mesnil St. Martin (Francia), Festival de M\u00fasica Contempor\u00e1nea de Madrid, Festival Cl\u00e1sicos en Verano de la CAM, Festival Internacional de M\u00fasica de Getxo, Festival Internacional de M\u00fasica de Mendigorr\u00eda, en salas como Sala Lutoslawski de Varsovia, Auditorio Nacional, Fundaci\u00f3n Juan March, Teatros del Canal, Sala Gayarre del Teatro Real, Auditorio Baluarte de Pamplona y Real Academia de Bellas Artes. Fue miembro del Cuarteto Diapente (2006-2017) con el que estren\u00f3 obras de, entre otros, Agust\u00edn Gonz\u00e1lez-Acilu, Agust\u00edn Bertomeu, Marvin Camacho, Mario Carro, Jeffrey Ching, Carlos Gal\u00e1n, Enrique Igoa, Marisa Manchado, Enrique Mu\u00f1oz, Jos\u00e9 Susi, Mercedes Zavala y con el que public\u00f3 un CD de m\u00fasica de compositoras espa\u00f1olas del siglo XX y un CD de m\u00fasica de c\u00e1mara del compositor austriaco Ferdinand Rebay (1880-1953) para el sello Brilliant.<\/h5><h5>Es profesor de Violonchelo y M\u00fasica de C\u00e1mara en el CIM Padre Antonio Soler de San Lorenzo de El Escorial (Madrid) y ha impartido\u00a0<i>masterclasses<\/i>\u00a0en el Festival Internacional de Mendigorr\u00eda, en el Conservatorio Municipal de Lleida y en el F\u00f3rum Orihuela.<\/h5><h5>Es Ingeniero Industrial por la Universidad Polit\u00e9cnica de Madrid y Doctor en Filosof\u00eda por la UNED, con una tesis sobre la fenomenolog\u00eda de la m\u00fasica de Alfred Schutz. Es miembro de la Sociedad Espa\u00f1ola de Fenomenolog\u00eda y ha publicado art\u00edculos en la\u00a0<i>Revista de Musicolog\u00eda del RCSMM<\/i>, en\u00a0<i>Investigaciones Fenomenol\u00f3gicas<\/i>, en\u00a0<i>Endoxa<\/i>, en el\u00a0<i>Bolletino della Societ\u00e0 Filosofica Italiana<\/i>, en el\u00a0<i>Bolet\u00edn de Estudios de Filosof\u00eda y Cultura Manuel Mind\u00e1n<\/i>\u00a0y en la revista\u00a0<i>Estetica. Studi e Ricerche<\/i>.<\/h5>\t\t\t\t\t\t\t\t<\/div>\n\t\t\t\t<\/div>\n\t\t\t\t\t<\/div>\n\t\t<\/div>\n\t\t\t\t\t<\/div>\n\t\t<\/section>\n\t\t\t\t<\/div>","protected":false},"excerpt":{"rendered":"<p>Jacobo Villalba Foto: Luis Benolier, @luisbenolier Titulado en Violonchelo y M\u00fasica de C\u00e1mara en el RCSM de Madrid. Se forma con Suzana Stefanovic, Iagoba Fanlo, Kathryn Price (Gales), Wolfgang Boettcher (Berl\u00edn) y Jaap ter Linden entre otros. Ha trabajado M\u00fasica de C\u00e1mara con Jos\u00e9 Cruzado, Ferenc Rados, Mikhail Kopelman y M\u00e1rta Guly\u00e1s. Ha actuado en [&hellip;]<\/p>\n","protected":false},"author":3,"featured_media":13043,"comment_status":"closed","ping_status":"closed","sticky":false,"template":"elementor_header_footer","format":"quote","meta":{"footnotes":""},"categories":[96],"tags":[],"class_list":["post-9307","post","type-post","status-publish","format-quote","has-post-thumbnail","hentry","category-profesorado-oposiciones","post_format-post-format-quote"],"_links":{"self":[{"href":"https:\/\/cepic.es\/en\/wp-json\/wp\/v2\/posts\/9307","targetHints":{"allow":["GET"]}}],"collection":[{"href":"https:\/\/cepic.es\/en\/wp-json\/wp\/v2\/posts"}],"about":[{"href":"https:\/\/cepic.es\/en\/wp-json\/wp\/v2\/types\/post"}],"author":[{"embeddable":true,"href":"https:\/\/cepic.es\/en\/wp-json\/wp\/v2\/users\/3"}],"replies":[{"embeddable":true,"href":"https:\/\/cepic.es\/en\/wp-json\/wp\/v2\/comments?post=9307"}],"version-history":[{"count":0,"href":"https:\/\/cepic.es\/en\/wp-json\/wp\/v2\/posts\/9307\/revisions"}],"wp:featuredmedia":[{"embeddable":true,"href":"https:\/\/cepic.es\/en\/wp-json\/wp\/v2\/media\/13043"}],"wp:attachment":[{"href":"https:\/\/cepic.es\/en\/wp-json\/wp\/v2\/media?parent=9307"}],"wp:term":[{"taxonomy":"category","embeddable":true,"href":"https:\/\/cepic.es\/en\/wp-json\/wp\/v2\/categories?post=9307"},{"taxonomy":"post_tag","embeddable":true,"href":"https:\/\/cepic.es\/en\/wp-json\/wp\/v2\/tags?post=9307"}],"curies":[{"name":"wp","href":"https:\/\/api.w.org\/{rel}","templated":true}]}}